{"id":16726,"date":"2026-08-30T15:03:43","date_gmt":"2026-08-30T15:03:43","guid":{"rendered":"https:\/\/www.sostaeripresa.it\/sito\/?p=16726"},"modified":"2026-08-30T15:03:43","modified_gmt":"2026-08-30T15:03:43","slug":"giornata-mondiale-di-preghiera-per-la-cura-del-creato","status":"publish","type":"post","link":"https:\/\/www.sostaeripresa.it\/sito\/in-evidenza\/giornata-mondiale-di-preghiera-per-la-cura-del-creato\/","title":{"rendered":"Giornata mondiale di preghiera per la cura del Creato"},"content":{"rendered":"<p><span style=\"font-family: 'trebuchet ms', geneva, sans-serif; font-size: 14pt;\">Papa Leone in occasione della Giornata<\/span><\/p>\n<p><span style=\"font-family: 'trebuchet ms', geneva, sans-serif; font-size: 14pt;\">mondiale di preghiera per la cura del Creato del prossimo 1<\/span><br \/>\n<span style=\"font-family: 'trebuchet ms', geneva, sans-serif; font-size: 14pt;\">settembre: occorre una conversione ecologica che nasca<\/span><br \/>\n<span style=\"font-family: 'trebuchet ms', geneva, sans-serif; font-size: 14pt;\">dal cuore, di chi promuove le guerre: le energie impiegate<\/span><br \/>\n<span style=\"font-family: 'trebuchet ms', geneva, sans-serif; font-size: 14pt;\">in guerra e distruzione siano destinate alla vita.<\/span><\/p>\n<p><em><strong><span style=\"font-family: 'trebuchet ms', geneva, sans-serif; font-size: 14pt;\">Stefano Stefanini<\/span><\/strong><\/em><\/p>\n<p><span style=\"font-family: 'trebuchet ms', geneva, sans-serif; font-size: 14pt;\">Nel messaggio pubblicato in occasione della Giornata mondiale di preghiera<\/span><br \/>\n<span style=\"font-family: 'trebuchet ms', geneva, sans-serif; font-size: 14pt;\">per la cura del Creato del prossimo 1 settembre, Leone XIV riprende le parole<\/span><br \/>\n<span style=\"font-family: 'trebuchet ms', geneva, sans-serif; font-size: 14pt;\">del profeta Isaia: \u201cForgeranno le loro spade in vomeri e le loro lance in falci\u201d.<\/span><br \/>\n<span style=\"font-family: 'trebuchet ms', geneva, sans-serif; font-size: 14pt;\">Cos\u00ec Papa Leone nel Messaggio per l&#8217;XI Giornata Mondiale di Preghiera per<\/span><br \/>\n<span style=\"font-family: 'trebuchet ms', geneva, sans-serif; font-size: 14pt;\">la Cura del Creato, che sar\u00e0 celebrata marted\u00ec 1 settembre. I veri strumenti<\/span><br \/>\n<span style=\"font-family: 'trebuchet ms', geneva, sans-serif; font-size: 14pt;\">per costruire la pace non sono le armi di distruzione, ma piuttosto la verit\u00e0, il<\/span><br \/>\n<span style=\"font-family: 'trebuchet ms', geneva, sans-serif; font-size: 14pt;\">dialogo, la pazienza, la bont\u00e0, la giustizia, la misericordia, la comprensione, la<\/span><br \/>\n<span style=\"font-family: 'trebuchet ms', geneva, sans-serif; font-size: 14pt;\">cura e l&#8217;amore.<\/span><br \/>\n<span style=\"font-family: 'trebuchet ms', geneva, sans-serif; font-size: 14pt;\">La guerra infligge ferite che danneggiano l&#8217;intero tessuto vitale,<\/span><br \/>\n<span style=\"font-family: 'trebuchet ms', geneva, sans-serif; font-size: 14pt;\">colpendo non solo le singole persone e le comunit\u00e0, ma anche la loro<\/span><br \/>\n<span style=\"font-family: 'trebuchet ms', geneva, sans-serif; font-size: 14pt;\">pi\u00f9 ampia rete di relazioni con l&#8217;intera famiglia umana, e la loro armonia<\/span><br \/>\n<span style=\"font-family: 'trebuchet ms', geneva, sans-serif; font-size: 14pt;\">con il creato.<\/span><br \/>\n<span style=\"font-family: 'trebuchet ms', geneva, sans-serif; font-size: 14pt;\">&amp;quot;I conflitti che tormentano l&#8217;umanit\u00e0 sono per molti versi espressione esteriore<\/span><br \/>\n<span style=\"font-family: 'trebuchet ms', geneva, sans-serif; font-size: 14pt;\">di contrasti e divisioni interiori. Quando il cuore \u00e8 traviato, le relazioni ne<\/span><br \/>\n<span style=\"font-family: 'trebuchet ms', geneva, sans-serif; font-size: 14pt;\">soffrono e le strutture che costruiamo cominciano a riflettere tale disordine,<\/span><br \/>\n<span style=\"font-family: 'trebuchet ms', geneva, sans-serif; font-size: 14pt;\">sottolinea il Pontefice che osserva come le crisi richiedano, oltre che<\/span><br \/>\n<span style=\"font-family: 'trebuchet ms', geneva, sans-serif; font-size: 14pt;\">responsabilit\u00e0, anche una conversione del cuore, che fruttifichi in una pi\u00f9<\/span><br \/>\n<span style=\"font-family: 'trebuchet ms', geneva, sans-serif; font-size: 14pt;\">profonda fedelt\u00e0 a Dio, in amore reciproco e in rispetto per il dono del creato.<\/span><br \/>\n<span style=\"font-family: 'trebuchet ms', geneva, sans-serif; font-size: 14pt;\">Leone rimarca che \u00e8 il cuore umano il luogo in cui si svolgono le lotte pi\u00f9<\/span><br \/>\n<span style=\"font-family: 'trebuchet ms', geneva, sans-serif; font-size: 14pt;\">profonde e in cui si rivela la nostra condizione decaduta.<\/span><br \/>\n<span style=\"font-family: 'trebuchet ms', geneva, sans-serif; font-size: 14pt;\">Il Papa cita Benedetto XVI e aggiunge che per costruire una societ\u00e0 pacifica,<\/span><br \/>\n<span style=\"font-family: 'trebuchet ms', geneva, sans-serif; font-size: 14pt;\">non dobbiamo solo riformare le strutture, ma anche rinnovare i nostri cuori.<\/span><\/p>\n<p><span style=\"font-family: 'trebuchet ms', geneva, sans-serif; font-size: 14pt;\">&amp;quot;Le cause pi\u00f9 radicali di conflitto e lo sfruttamento del creato sono<\/span><br \/>\n<span style=\"font-family: 'trebuchet ms', geneva, sans-serif; font-size: 14pt;\">conseguenze di una crisi etica e culturale che include la perdita del<\/span><br \/>\n<span style=\"font-family: 'trebuchet ms', geneva, sans-serif; font-size: 14pt;\">senso del limite, il desiderio di dominio, la ricerca di profitto immediato<\/span><br \/>\n<span style=\"font-family: 'trebuchet ms', geneva, sans-serif; font-size: 14pt;\">e l&#8217;incapacit\u00e0 di riconoscere la dignit\u00e0 che Dio ha donato a ogni persona<\/span><br \/>\n<span style=\"font-family: 'trebuchet ms', geneva, sans-serif; font-size: 14pt;\">umana.<\/span><br \/>\n<span style=\"font-family: 'trebuchet ms', geneva, sans-serif; font-size: 14pt;\">Esorta ad attraversare i propri \u201cdeserti interiori\u201d, segni di un\u2019odierna crisi etica<\/span><br \/>\n<span style=\"font-family: 'trebuchet ms', geneva, sans-serif; font-size: 14pt;\">e culturale che include perdita del senso del limite, desiderio di dominio e<\/span><br \/>\n<span style=\"font-family: 'trebuchet ms', geneva, sans-serif; font-size: 14pt;\">ricerca di profitto. Questo, scrive, \u00e8 \u201cil cammino di un\u2019autentica conversione<\/span><br \/>\n<span style=\"font-family: 'trebuchet ms', geneva, sans-serif; font-size: 14pt;\">ecologica\u201d che nasce dal cuore<\/span><br \/>\n<span style=\"font-family: 'trebuchet ms', geneva, sans-serif; font-size: 14pt;\">\u201cForgeranno le loro spade in vomeri e le loro lance in falci\u201d. Il profeta Isaia<\/span><br \/>\n<span style=\"font-family: 'trebuchet ms', geneva, sans-serif; font-size: 14pt;\">cos\u00ec sognava un tempo in cui i popoli della Terra avrebbero convertito ci\u00f2 che<\/span><br \/>\n<span style=\"font-family: 'trebuchet ms', geneva, sans-serif; font-size: 14pt;\">distrugge l&#8217;esistenza in strumenti che la sostengono. Oggi \u00e8 invece lampante<\/span><br \/>\n<span style=\"font-family: 'trebuchet ms', geneva, sans-serif; font-size: 14pt;\">un paradossale incubo per cui le nazioni accelerano la \u201cdistruzione<\/span><br \/>\n<span style=\"font-family: 'trebuchet ms', geneva, sans-serif; font-size: 14pt;\">dell\u2019equilibrio\u201d della Creazione, autoinfliggendosi dolori e sofferenze. \u201cDeserti<\/span><br \/>\n<span style=\"font-family: 'trebuchet ms', geneva, sans-serif; font-size: 14pt;\">esteriori\u201d, che sono tuttavia specchi di un\u2019aridit\u00e0 interna, \u201cetica e culturale\u201d,<\/span><br \/>\n<span style=\"font-family: 'trebuchet ms', geneva, sans-serif; font-size: 14pt;\">per cui a prosperare \u00e8 solo la perdita del senso del limite, il desiderio di<\/span><br \/>\n<span style=\"font-family: 'trebuchet ms', geneva, sans-serif; font-size: 14pt;\">dominio, la ricerca di profitto immediato. Sono questi alcuni dei concetti<\/span><br \/>\n<span style=\"font-family: 'trebuchet ms', geneva, sans-serif; font-size: 14pt;\">espressi da Papa Leone XIV nel messaggio pubblicato oggi, 20 agosto, in<\/span><br \/>\n<span style=\"font-family: 'trebuchet ms', geneva, sans-serif; font-size: 14pt;\">occasione della Giornata mondiale di preghiera per la cura del Creato, che\u00a0<\/span><br \/>\n<span style=\"font-family: 'trebuchet ms', geneva, sans-serif; font-size: 14pt;\">ricorre il 1 settembre.<\/span><br \/>\n<span style=\"font-family: 'trebuchet ms', geneva, sans-serif; font-size: 14pt;\">Il dramma degli sforzi orientati alla guerra<\/span><br \/>\n<span style=\"font-family: 'trebuchet ms', geneva, sans-serif; font-size: 14pt;\">Come riportato da Edoardo Giribaldi su vaticannews.va, il Pontefice nel suo<\/span><br \/>\n<span style=\"font-family: 'trebuchet ms', geneva, sans-serif; font-size: 14pt;\">messaggio riconosce come le crisi che soffocano la societ\u00e0 odierna non<\/span><br \/>\n<span style=\"font-family: 'trebuchet ms', geneva, sans-serif; font-size: 14pt;\">siano slegate tra di loro, ma costituiscano un\u2019unica ferita colmabile solo<\/span><br \/>\n<span style=\"font-family: 'trebuchet ms', geneva, sans-serif; font-size: 14pt;\">attraverso la pace. Non quella del mondo, superficiale e fugace, ma l\u2019armonia<\/span><br \/>\n<span style=\"font-family: 'trebuchet ms', geneva, sans-serif; font-size: 14pt;\">che \u201cscaturisce dall\u2019amore perenne di Cristo e dalla sua cura per ogni<\/span><br \/>\n<span style=\"font-family: 'trebuchet ms', geneva, sans-serif; font-size: 14pt;\">persona umana\u201d.<\/span><br \/>\n<span style=\"font-family: 'trebuchet ms', geneva, sans-serif; font-size: 14pt;\">Eppure questa promessa di pace \u00e8 in netto contrasto con le realt\u00e0 che<\/span><br \/>\n<span style=\"font-family: 'trebuchet ms', geneva, sans-serif; font-size: 14pt;\">vediamo in varie parti del mondo. Il profeta Isaia ha parlato di un tempo in cui<\/span><br \/>\n<span style=\"font-family: 'trebuchet ms', geneva, sans-serif; font-size: 14pt;\">le nazioni \u201cspezzeranno le loro spade e ne faranno aratri\u201d, trasformando ci\u00f2<\/span><br \/>\n<span style=\"font-family: 'trebuchet ms', geneva, sans-serif; font-size: 14pt;\">che distrugge la vita in qualcosa che la sostiene. Oggi, per\u00f2, vediamo troppo<\/span><br \/>\n<span style=\"font-family: 'trebuchet ms', geneva, sans-serif; font-size: 14pt;\">spesso accadere l\u2019esatto contrario, mentre gli sforzi continuano a essere<\/span><br \/>\n<span style=\"font-family: 'trebuchet ms', geneva, sans-serif; font-size: 14pt;\">orientati alla violenza e alla guerra.<\/span><br \/>\n<span style=\"font-family: 'trebuchet ms', geneva, sans-serif; font-size: 14pt;\">Il circolo vizioso di guerre e degrado ambientale<\/span><br \/>\n<span style=\"font-family: 'trebuchet ms', geneva, sans-serif; font-size: 14pt;\">Dai campi di battaglia i conflitti allargano il loro spettro di influenza,<\/span><br \/>\n<span style=\"font-family: 'trebuchet ms', geneva, sans-serif; font-size: 14pt;\">interagendo in maniera nociva con il degrado ambientale. Si alimenta cos\u00ec un<\/span><br \/>\n<span style=\"font-family: 'trebuchet ms', geneva, sans-serif; font-size: 14pt;\">circolo vizioso, che innesca inizialmente la contaminazione di risorse<\/span><br \/>\n<span style=\"font-family: 'trebuchet ms', geneva, sans-serif; font-size: 14pt;\">essenziali come aria e acqua. Essa mina quindi la sicurezza alimentare,<\/span><\/p>\n<p><span style=\"font-family: 'trebuchet ms', geneva, sans-serif; font-size: 14pt;\">generando a sua volta povert\u00e0, disuguaglianza e nuove tensioni sociali,<\/span><br \/>\n<span style=\"font-family: 'trebuchet ms', geneva, sans-serif; font-size: 14pt;\">ovvero le pi\u00f9 frequenti cause dell\u2019insorgere delle guerre.<\/span><br \/>\n<span style=\"font-family: 'trebuchet ms', geneva, sans-serif; font-size: 14pt;\">Queste ultime, scrive ancora Leone, rivelano un \u201cfallimento profondo\u201d<\/span><br \/>\n<span style=\"font-family: 'trebuchet ms', geneva, sans-serif; font-size: 14pt;\">dell\u2019umanit\u00e0, anche nel prendersi cura del Creato che le \u00e8 stato affidato.<\/span><br \/>\n<span style=\"font-family: 'trebuchet ms', geneva, sans-serif; font-size: 14pt;\">Non \u00e8 solo un fallimento politico, ma anche morale e spirituale. Radicata in<\/span><br \/>\n<span style=\"font-family: 'trebuchet ms', geneva, sans-serif; font-size: 14pt;\">desideri distorti e in un uso sbagliato della libert\u00e0 e del potere umani, la<\/span><br \/>\n<span style=\"font-family: 'trebuchet ms', geneva, sans-serif; font-size: 14pt;\">guerra si erge a contro-testimonianza del Vangelo della pace.<\/span><\/p>\n<p><span style=\"font-family: 'trebuchet ms', geneva, sans-serif; font-size: 14pt;\">Il cuore dei conflitti<\/span><br \/>\n<span style=\"font-family: 'trebuchet ms', geneva, sans-serif; font-size: 14pt;\">Le disarmonie menzionate sono evidenti, ma non possono essere ridotte<\/span><br \/>\n<span style=\"font-family: 'trebuchet ms', geneva, sans-serif; font-size: 14pt;\">all\u2019imperfezione di sistemi e strutture. In esse, il Papa scorge un pi\u00f9 \u201cprofondo<\/span><br \/>\n<span style=\"font-family: 'trebuchet ms', geneva, sans-serif; font-size: 14pt;\">squilibrio\u201d radicato nel cuore dell\u2019uomo. Dentro ciascuno albergano infatti<\/span><br \/>\n<span style=\"font-family: 'trebuchet ms', geneva, sans-serif; font-size: 14pt;\">desideri contraddittori e lotte profonde: amore e indifferenza, verit\u00e0 e<\/span><br \/>\n<span style=\"font-family: 'trebuchet ms', geneva, sans-serif; font-size: 14pt;\">illusione, giustizia e ingiustizia.<\/span><br \/>\n<span style=\"font-family: 'trebuchet ms', geneva, sans-serif; font-size: 14pt;\">I conflitti che tormentano l\u2019umanit\u00e0 sono per molti versi espressione esteriore<\/span><br \/>\n<span style=\"font-family: 'trebuchet ms', geneva, sans-serif; font-size: 14pt;\">di contrasti e divisioni interiori. Quando il cuore \u00e8 traviato, le relazioni ne<\/span><br \/>\n<span style=\"font-family: 'trebuchet ms', geneva, sans-serif; font-size: 14pt;\">soffrono e le strutture che costruiamo cominciano a riflettere tale disordine.<\/span><br \/>\n<span style=\"font-family: 'trebuchet ms', geneva, sans-serif; font-size: 14pt;\">Rinnovare l\u2019interiorit\u00e0<\/span><br \/>\n<span style=\"font-family: 'trebuchet ms', geneva, sans-serif; font-size: 14pt;\">I deserti esteriori si moltiplicano nel mondo, perch\u00e9 i deserti interiori sono<\/span><br \/>\n<span style=\"font-family: 'trebuchet ms', geneva, sans-serif; font-size: 14pt;\">diventati cos\u00ec ampi.<\/span><br \/>\n<span style=\"font-family: 'trebuchet ms', geneva, sans-serif; font-size: 14pt;\">Ci\u00f2 che \u00e8 spezzato fuori, lo \u00e8 anche dentro. E per riformare la societ\u00e0, quindi,<\/span><br \/>\n<span style=\"font-family: 'trebuchet ms', geneva, sans-serif; font-size: 14pt;\">\u00e8 necessario iniziare da un rinnovamento del cuore.<\/span><br \/>\n<span style=\"font-family: 'trebuchet ms', geneva, sans-serif; font-size: 14pt;\">Le cause pi\u00f9 radicali di conflitto e lo sfruttamento del creato sono<\/span><br \/>\n<span style=\"font-family: 'trebuchet ms', geneva, sans-serif; font-size: 14pt;\">conseguenze di una crisi etica e culturale che include la perdita del senso del<\/span><br \/>\n<span style=\"font-family: 'trebuchet ms', geneva, sans-serif; font-size: 14pt;\">limite, il desiderio di dominio, la ricerca di profitto immediato e l\u2019incapacit\u00e0 di<\/span><br \/>\n<span style=\"font-family: 'trebuchet ms', geneva, sans-serif; font-size: 14pt;\">riconoscere la dignit\u00e0 che Dio ha donato a ogni persona umana.<\/span><br \/>\n<span style=\"font-family: 'trebuchet ms', geneva, sans-serif; font-size: 14pt;\">Da sogno a realt\u00e0<\/span><br \/>\n<span style=\"font-family: 'trebuchet ms', geneva, sans-serif; font-size: 14pt;\">L\u2019auspicio di Isaia si fa oggi appello a \u201ctrasformare ci\u00f2 che \u00e8 male in vita\u201d.<\/span><br \/>\n<span style=\"font-family: 'trebuchet ms', geneva, sans-serif; font-size: 14pt;\">Una conversione che non pu\u00f2 prescindere dal tornare non soltanto al cuore,<\/span><br \/>\n<span style=\"font-family: 'trebuchet ms', geneva, sans-serif; font-size: 14pt;\">ma a chi lo guarisce: il Signore. Perch\u00e9 l\u00ec dove il singolo si rinnova, si aprono<\/span><br \/>\n<span style=\"font-family: 'trebuchet ms', geneva, sans-serif; font-size: 14pt;\">nuove possibilit\u00e0.<\/span><br \/>\n<span style=\"font-family: 'trebuchet ms', geneva, sans-serif; font-size: 14pt;\">Ci\u00f2 che \u00e8 stato usato per la distruzione pu\u00f2 essere reindirizzato verso la vita,<\/span><br \/>\n<span style=\"font-family: 'trebuchet ms', geneva, sans-serif; font-size: 14pt;\">per la cura dei poveri, il nutrimento degli affamati e la salvaguardia del creato.<\/span><br \/>\n<span style=\"font-family: 'trebuchet ms', geneva, sans-serif; font-size: 14pt;\">Questo \u00e8 il cammino di un\u2019autentica conversione ecologica, in cui gli effetti<\/span><br \/>\n<span style=\"font-family: 'trebuchet ms', geneva, sans-serif; font-size: 14pt;\">dell\u2019incontro con Ges\u00f9 Cristo si manifestano con evidenza nel rapporto con il<\/span><br \/>\n<span style=\"font-family: 'trebuchet ms', geneva, sans-serif; font-size: 14pt;\">mondo che ci circonda.<\/span><\/p>\n<p><span style=\"font-family: 'trebuchet ms', geneva, sans-serif; font-size: 14pt;\">Dalla guerra allo sviluppo umano integrale<\/span><\/p>\n<p><span style=\"font-family: 'trebuchet ms', geneva, sans-serif; font-size: 14pt;\">Sono sfide enormi, il Papa lo riconosce, perch\u00e9 sono numerosi gli<\/span><br \/>\n<span style=\"font-family: 'trebuchet ms', geneva, sans-serif; font-size: 14pt;\">\u201cecosistemi\u201d affidati all\u2019uomo: dal creato alle relazioni, alla sua stessa<\/span><br \/>\n<span style=\"font-family: 'trebuchet ms', geneva, sans-serif; font-size: 14pt;\">individualit\u00e0. L\u2019invito \u00e8 nuovamente ad affidarsi al Dio della pace, che non<\/span><br \/>\n<span style=\"font-family: 'trebuchet ms', geneva, sans-serif; font-size: 14pt;\">lascia privi dei mezzi di guarigione e trasformazione.<\/span><br \/>\n<span style=\"font-family: 'trebuchet ms', geneva, sans-serif; font-size: 14pt;\">Immaginiamo un mondo in cui le energie attualmente impiegate nella guerra<\/span><br \/>\n<span style=\"font-family: 'trebuchet ms', geneva, sans-serif; font-size: 14pt;\">siano destinate allo sviluppo umano integrale, al superamento della povert\u00e0,<\/span><br \/>\n<span style=\"font-family: 'trebuchet ms', geneva, sans-serif; font-size: 14pt;\">alla difesa della dignit\u00e0 umana e alla riconciliazione tra i popoli divisi. Una<\/span><br \/>\n<span style=\"font-family: 'trebuchet ms', geneva, sans-serif; font-size: 14pt;\">visione del genere riflette la fede nell\u2019avvento del Regno di Dio.<\/span><\/p>\n<p><span style=\"font-family: 'trebuchet ms', geneva, sans-serif; font-size: 14pt;\">Dal deserto al giardino<\/span><br \/>\n<span style=\"font-family: 'trebuchet ms', geneva, sans-serif; font-size: 14pt;\">Non sono le armi di distruzione, ribadisce Leone, gli strumenti per costruire la<\/span><br \/>\n<span style=\"font-family: 'trebuchet ms', geneva, sans-serif; font-size: 14pt;\">pace, ma piuttosto la verit\u00e0, il dialogo, la pazienza, la bont\u00e0, la giustizia, la<\/span><br \/>\n<span style=\"font-family: 'trebuchet ms', geneva, sans-serif; font-size: 14pt;\">misericordia, la comprensione, la cura e l\u2019amore. Assumersi il compito di<\/span><br \/>\n<span style=\"font-family: 'trebuchet ms', geneva, sans-serif; font-size: 14pt;\">mettere in pratica questi valori significa diventare \u201ccollaboratori\u201d nell\u2019opera di<\/span><br \/>\n<span style=\"font-family: 'trebuchet ms', geneva, sans-serif; font-size: 14pt;\">rinnovamento del Signore.<\/span><br \/>\n<span style=\"font-family: 'trebuchet ms', geneva, sans-serif; font-size: 14pt;\">Ci si permetta un riferimento al testo \u201cIl Giardino e Il Giardiniere\u201d scritto<\/span><br \/>\n<span style=\"font-family: 'trebuchet ms', geneva, sans-serif; font-size: 14pt;\">dal nostro don Gianni Carparelli nel 2025: \u201cIl Padre desidera un rapporto<\/span><br \/>\n<span style=\"font-family: 'trebuchet ms', geneva, sans-serif; font-size: 14pt;\">personale con ogni uomo e ogni donna. Non e\u2019 un Dio distante, ma vicino,<\/span><br \/>\n<span style=\"font-family: 'trebuchet ms', geneva, sans-serif; font-size: 14pt;\">che desidera essere amato con cuore sincero, e per far questo alcune volte,<\/span><br \/>\n<span style=\"font-family: 'trebuchet ms', geneva, sans-serif; font-size: 14pt;\">essendo persone corporee, abbiamo bisogno di sussidi e strumenti, quali le<\/span><br \/>\n<span style=\"font-family: 'trebuchet ms', geneva, sans-serif; font-size: 14pt;\">formule di preghiere, i riti, le funzioni\u2026ma questi sono solo \u201cstrumenti\u201d, Non<\/span><br \/>\n<span style=\"font-family: 'trebuchet ms', geneva, sans-serif; font-size: 14pt;\">sono l\u2019essenza della nostra Fede. L\u2019essenza della nostra Fede e\u2019 la \u201csequela\u201d<\/span><br \/>\n<span style=\"font-family: 'trebuchet ms', geneva, sans-serif; font-size: 14pt;\">di una Persona viva e presente in mezzo a noi: il Risorto.\u201d<\/span><br \/>\n<span style=\"font-family: 'trebuchet ms', geneva, sans-serif; font-size: 14pt;\">Papa Leone esorta: Passeremo, lentamente ma inesorabilmente, dal deserto<\/span><br \/>\n<span style=\"font-family: 'trebuchet ms', geneva, sans-serif; font-size: 14pt;\">al giardino, dalla divisione alla comunione e dalla violenza alla pace.\u00a0 Il<\/span><br \/>\n<span style=\"font-family: 'trebuchet ms', geneva, sans-serif; font-size: 14pt;\">Signore ci dia il coraggio di percorrere questa via, perch\u00e9 in questo nostro<\/span><br \/>\n<span style=\"font-family: 'trebuchet ms', geneva, sans-serif; font-size: 14pt;\">tempo le \u201cspade\u201d siano realmente \u201cforgiate in vomeri\u201d, la promessa del<\/span><br \/>\n<span style=\"font-family: 'trebuchet ms', geneva, sans-serif; font-size: 14pt;\">Vangelo si radichi pi\u00f9 profondamente nel nostro mondo e la pace di Cristo<\/span><br \/>\n<span style=\"font-family: 'trebuchet ms', geneva, sans-serif; font-size: 14pt;\">regni su tutto il creato.<\/span><\/p>\n","protected":false},"excerpt":{"rendered":"<p>Papa Leone in occasione della Giornata mondiale di preghiera per la cura del Creato del prossimo 1 settembre: occorre una conversione ecologica che nasca dal cuore, di chi promuove le guerre: le energie impiegate in<span class=\"more-link\"><a href=\"https:\/\/www.sostaeripresa.it\/sito\/in-evidenza\/giornata-mondiale-di-preghiera-per-la-cura-del-creato\/\">Leggi tutto &rarr;<\/a><\/span><\/p>\n","protected":false},"author":46,"featured_media":16727,"comment_status":"closed","ping_status":"closed","sticky":false,"template":"","format":"standard","meta":{"footnotes":""},"categories":[224,27],"tags":[],"class_list":["entry","author-sandro","post-16726","post","type-post","status-publish","format-standard","has-post-thumbnail","category-in-evidenza","category-editoriale"],"publishpress_future_action":{"enabled":false,"date":"2026-09-10 06:15:36","action":"change-status","newStatus":"draft","terms":[],"taxonomy":"category"},"_links":{"self":[{"href":"https:\/\/www.sostaeripresa.it\/sito\/wp-json\/wp\/v2\/posts\/16726"}],"collection":[{"href":"https:\/\/www.sostaeripresa.it\/sito\/wp-json\/wp\/v2\/posts"}],"about":[{"href":"https:\/\/www.sostaeripresa.it\/sito\/wp-json\/wp\/v2\/types\/post"}],"author":[{"embeddable":true,"href":"https:\/\/www.sostaeripresa.it\/sito\/wp-json\/wp\/v2\/users\/46"}],"replies":[{"embeddable":true,"href":"https:\/\/www.sostaeripresa.it\/sito\/wp-json\/wp\/v2\/comments?post=16726"}],"version-history":[{"count":1,"href":"https:\/\/www.sostaeripresa.it\/sito\/wp-json\/wp\/v2\/posts\/16726\/revisions"}],"predecessor-version":[{"id":16728,"href":"https:\/\/www.sostaeripresa.it\/sito\/wp-json\/wp\/v2\/posts\/16726\/revisions\/16728"}],"wp:featuredmedia":[{"embeddable":true,"href":"https:\/\/www.sostaeripresa.it\/sito\/wp-json\/wp\/v2\/media\/16727"}],"wp:attachment":[{"href":"https:\/\/www.sostaeripresa.it\/sito\/wp-json\/wp\/v2\/media?parent=16726"}],"wp:term":[{"taxonomy":"category","embeddable":true,"href":"https:\/\/www.sostaeripresa.it\/sito\/wp-json\/wp\/v2\/categories?post=16726"},{"taxonomy":"post_tag","embeddable":true,"href":"https:\/\/www.sostaeripresa.it\/sito\/wp-json\/wp\/v2\/tags?post=16726"}],"curies":[{"name":"wp","href":"https:\/\/api.w.org\/{rel}","templated":true}]}}