{"id":16729,"date":"2026-09-03T07:10:56","date_gmt":"2026-09-03T07:10:56","guid":{"rendered":"https:\/\/www.sostaeripresa.it\/sito\/?p=16729"},"modified":"2026-09-03T07:10:56","modified_gmt":"2026-09-03T07:10:56","slug":"pensando-a-santa-rosa-da-viterbo","status":"publish","type":"post","link":"https:\/\/www.sostaeripresa.it\/sito\/in-evidenza\/pensando-a-santa-rosa-da-viterbo\/","title":{"rendered":"Pensando a &#8220;Santa Rosa da Viterbo&#8221;"},"content":{"rendered":"<p style=\"font-weight: 400;\"><span style=\"font-family: 'trebuchet ms', geneva, sans-serif; font-size: 14pt;\"><u>Rosa ha un \u201ccuore\u201d d\u2019oro<\/u><\/span><\/p>\n<p style=\"font-weight: 400;\"><em><strong><span style=\"font-family: 'trebuchet ms', geneva, sans-serif; font-size: 14pt;\">don Gianni Carparelli<\/span><\/strong><\/em><\/p>\n<p style=\"font-weight: 400;\"><span style=\"font-family: 'trebuchet ms', geneva, sans-serif; font-size: 14pt;\">Mentre scrivo a Viterbo sfila la processione con il \u201ccuore\u201d di Santa Rosa. E\u2019 il 2 di settembre giorno prima della tradizionale \u201cmacchina\u201d. La separazione tra la processione religiosa e il trasporto della &#8220;<a href=\"https:\/\/it.wikipedia.org\/wiki\/Macchina_di_Santa_Rosa\" data-saferedirecturl=\"https:\/\/www.google.com\/url?q=https:\/\/it.wikipedia.org\/wiki\/Macchina_di_Santa_Rosa&amp;source=gmail&amp;ust=1788505273520000&amp;usg=AOvVaw291AwEOxXBrKzl9hfZRv_n\" target=\"_blank\" rel=\"noopener\">Macchina di Santa Rosa<\/a>&#8221; a Viterbo non ha una data unica e certa, ma gli studi storici e i documenti d&#8217;archivio collocano la scissione tra il 1834 e il 1841.\u00a0Ce lo ha ricordato anche don Mario Brizi in uno dei suoi commenti dotti e informati di cui gli sono grato. Ma a me \u00e8 successo una cosa strana. Rosa, racconta la storia tramandata, era apparsa in sogno ad Alessandro IV per chiedergli di essere portata nella attuale sede da Santa Maria in Poggio nel monastero delle clarisse (Santa Maria delle rose). Gli apparve nel 1257 e il 4 settembre 1258 il Papa personalmente con 4\u00a0 cardinali trasport\u00f2 il corpo in quello che sar\u00e0 poi l\u2019attuale Santuario. Ma questo pomeriggio, 2 settembre 2026, mi \u00e8 sembrato che Rosa abbia rivolto il suo sguardo pi\u00f9 in basso, verso di me. Mi \u00e8 sembrato di ascoltare una richiesta insolita. \u201cSai\u201d mi ha sussurrato \u201cvorrei tanto che il mio cuore non tornasse a casa ma che si fermasse laddove ci sia bisogno di un cuore. Il cuore \u00e8 fatto per amare e servire, non per restare incorniciato in una reliquia e nascosto in una cappella infiorata\u2026. Cosa potresti fare?\u201d. Siccome non ero disturbato da rumori, musiche e canti mi sono messo a pensare. Rosa era ammirata e poi venerata perch\u00e9 girava per i vicoli della citt\u00e0 e aiutava chi aveva bisogno di una mano. L\u2019immagine devota di questa giovinetta che esce di casa con il grembiule pieno di cibo da donare a chi ne avesse bisogno fa ormai parte dell\u2019immaginario devoto. E allora, mi sono chiesto? Seguiamo questo itinerario spirituale e non solo. E ho visto il vescovo e i fedeli uscire dal Santuario come se Rosa, con il suo cuore, stesse uscendo di casa. Ma ogni anno seguiva un cammino differente: il corso verso piazza delle Erbe? Via Marconi fino alla piazzetta del monumento? Oppure fino a Piazza del Sacrario? Verso San Faustino? Verso piazza del Comune? Oppure verso piazza san Lorenzo?&#8230; Non \u00e8 un problema decidere un itinerario che sia simbolico di disagio e problematiche sociali. Arrivati a destinazione ci si ferma. Il Vescovo prende posto su un piedistallo per essere visto e ascoltato. Fa la sua breve riflessione e ogni anno annuncia un progetto discusso in precedenza con il Comune, con il Sodalizio Facchini, con il Volontariato, con privati sensibili al disagio. Un progetto che risponda al \u201cCuore\u201d di Santa Rosa. Cosa lei avrebbe fatto nelle nostre condizioni di oggi? Un progetto per educare al rispetto della donna e se necessario sostenere chi gi\u00e0 lo fa? Per educare i giovani e non solo al rispetto delle diversit\u00e0? Un progetto per offrire spazi di riposo a chi non sa dove andare? Per non lasciare abbandonati nelle strade persone sbandate o in difficolt\u00e0? Per offrire contatti a chi soffre la solitudine? Per creare una rete di relazioni per anziani non pi\u00f9 autonomi?&#8230;. Siamo aperti a idee. Il tutto con alcuni canti, una preghiera che rispetti la fede anche di chi non crede, un po\u2019 di musica\u2026 forse anche spazio a interventi di opinioni che siano brevi e non politici, ma concreti di proposte fattibili. Non promesse acchiappa consensi, ma riflessioni sul territorio, situazioni, forme di disagio a volte nascoste nel silenzio e nella paura. Far crescere e maturare questa sensibilit\u00e0 \u00e8 come una liturgia non rituale, ma rispettosa dell\u2019incontro con il mistero della vita. E\u2019 come l\u2019ascolto della Parola di Dio. E\u2019 \u201cquel Cuore d\u2019oro\u201d che esce dal reliquiario\u00a0 e cammina dove deve camminare. E aiuta tutti noi a offrirci in dono gradito, a trasformarci in persone migliori, a sentirci in comunione e nella pace\u2026 a \u201cGlorificare il Signore con la nostra vita\u201d. Per chiudere non vedrei di meglio che il Padre Nostro, magari cantato in latino. Che ne dite?<\/span><\/p>\n","protected":false},"excerpt":{"rendered":"<p>Rosa ha un &ldquo;cuore&rdquo; d&rsquo;oro don Gianni Carparelli Mentre scrivo a Viterbo sfila la processione con il &ldquo;cuore&rdquo; di Santa Rosa. E&rsquo; il 2 di settembre giorno prima della tradizionale &ldquo;macchina&rdquo;. La separazione tra la<span class=\"more-link\"><a href=\"https:\/\/www.sostaeripresa.it\/sito\/in-evidenza\/pensando-a-santa-rosa-da-viterbo\/\">Leggi tutto &rarr;<\/a><\/span><\/p>\n","protected":false},"author":46,"featured_media":16730,"comment_status":"closed","ping_status":"closed","sticky":false,"template":"","format":"standard","meta":{"footnotes":""},"categories":[224,2654],"tags":[],"class_list":["entry","author-sandro","post-16729","post","type-post","status-publish","format-standard","has-post-thumbnail","category-in-evidenza","category-chiesa-e-societa"],"publishpress_future_action":{"enabled":false,"date":"2026-09-11 05:24:17","action":"change-status","newStatus":"draft","terms":[],"taxonomy":"category"},"_links":{"self":[{"href":"https:\/\/www.sostaeripresa.it\/sito\/wp-json\/wp\/v2\/posts\/16729"}],"collection":[{"href":"https:\/\/www.sostaeripresa.it\/sito\/wp-json\/wp\/v2\/posts"}],"about":[{"href":"https:\/\/www.sostaeripresa.it\/sito\/wp-json\/wp\/v2\/types\/post"}],"author":[{"embeddable":true,"href":"https:\/\/www.sostaeripresa.it\/sito\/wp-json\/wp\/v2\/users\/46"}],"replies":[{"embeddable":true,"href":"https:\/\/www.sostaeripresa.it\/sito\/wp-json\/wp\/v2\/comments?post=16729"}],"version-history":[{"count":1,"href":"https:\/\/www.sostaeripresa.it\/sito\/wp-json\/wp\/v2\/posts\/16729\/revisions"}],"predecessor-version":[{"id":16731,"href":"https:\/\/www.sostaeripresa.it\/sito\/wp-json\/wp\/v2\/posts\/16729\/revisions\/16731"}],"wp:featuredmedia":[{"embeddable":true,"href":"https:\/\/www.sostaeripresa.it\/sito\/wp-json\/wp\/v2\/media\/16730"}],"wp:attachment":[{"href":"https:\/\/www.sostaeripresa.it\/sito\/wp-json\/wp\/v2\/media?parent=16729"}],"wp:term":[{"taxonomy":"category","embeddable":true,"href":"https:\/\/www.sostaeripresa.it\/sito\/wp-json\/wp\/v2\/categories?post=16729"},{"taxonomy":"post_tag","embeddable":true,"href":"https:\/\/www.sostaeripresa.it\/sito\/wp-json\/wp\/v2\/tags?post=16729"}],"curies":[{"name":"wp","href":"https:\/\/api.w.org\/{rel}","templated":true}]}}